{"id":995,"date":"2022-09-13T18:45:37","date_gmt":"2022-09-13T17:45:37","guid":{"rendered":"https:\/\/fotoheraclit.escolamestral.cat\/?p=995"},"modified":"2022-09-13T18:45:37","modified_gmt":"2022-09-13T17:45:37","slug":"el-sol-no-traspassara-els-limits-si-no-les-erinies-protectores-de-la-justicia-lenxamparan-2","status":"publish","type":"post","link":"https:\/\/fotoheraclit.escolamestral.cat\/?p=995","title":{"rendered":"El Sol no traspassar\u00e0 els l\u00edmits. Si no, les Er\u00ednies, protectores de la Just\u00edcia, l\u2019enxamparan."},"content":{"rendered":"\n<figure class=\"wp-block-image size-large\"><img loading=\"lazy\" decoding=\"async\" width=\"1024\" height=\"768\" src=\"https:\/\/fotoheraclit.escolamestral.cat\/wp-content\/uploads\/2022\/09\/Gambus-Jan-1024x768.jpg\" alt=\"\" class=\"wp-image-996\" srcset=\"https:\/\/fotoheraclit.escolamestral.cat\/wp-content\/uploads\/2022\/09\/Gambus-Jan-1024x768.jpg 1024w, https:\/\/fotoheraclit.escolamestral.cat\/wp-content\/uploads\/2022\/09\/Gambus-Jan-640x480.jpg 640w, https:\/\/fotoheraclit.escolamestral.cat\/wp-content\/uploads\/2022\/09\/Gambus-Jan-768x576.jpg 768w, https:\/\/fotoheraclit.escolamestral.cat\/wp-content\/uploads\/2022\/09\/Gambus-Jan-1536x1152.jpg 1536w, https:\/\/fotoheraclit.escolamestral.cat\/wp-content\/uploads\/2022\/09\/Gambus-Jan-2048x1536.jpg 2048w, https:\/\/fotoheraclit.escolamestral.cat\/wp-content\/uploads\/2022\/09\/Gambus-Jan-400x300.jpg 400w\" sizes=\"auto, (max-width: 1024px) 100vw, 1024px\" \/><\/figure>\n\n\n\n<p>Jan Gamb\u00fas<\/p>\n","protected":false},"excerpt":{"rendered":"<p>Jan Gamb\u00fas<\/p>\n","protected":false},"author":1,"featured_media":0,"comment_status":"closed","ping_status":"closed","sticky":false,"template":"","format":"standard","meta":{"footnotes":""},"categories":[1],"tags":[],"class_list":["post-995","post","type-post","status-publish","format-standard","hentry","category-uncategorized"],"_links":{"self":[{"href":"https:\/\/fotoheraclit.escolamestral.cat\/index.php?rest_route=\/wp\/v2\/posts\/995","targetHints":{"allow":["GET"]}}],"collection":[{"href":"https:\/\/fotoheraclit.escolamestral.cat\/index.php?rest_route=\/wp\/v2\/posts"}],"about":[{"href":"https:\/\/fotoheraclit.escolamestral.cat\/index.php?rest_route=\/wp\/v2\/types\/post"}],"author":[{"embeddable":true,"href":"https:\/\/fotoheraclit.escolamestral.cat\/index.php?rest_route=\/wp\/v2\/users\/1"}],"replies":[{"embeddable":true,"href":"https:\/\/fotoheraclit.escolamestral.cat\/index.php?rest_route=%2Fwp%2Fv2%2Fcomments&post=995"}],"version-history":[{"count":1,"href":"https:\/\/fotoheraclit.escolamestral.cat\/index.php?rest_route=\/wp\/v2\/posts\/995\/revisions"}],"predecessor-version":[{"id":997,"href":"https:\/\/fotoheraclit.escolamestral.cat\/index.php?rest_route=\/wp\/v2\/posts\/995\/revisions\/997"}],"wp:attachment":[{"href":"https:\/\/fotoheraclit.escolamestral.cat\/index.php?rest_route=%2Fwp%2Fv2%2Fmedia&parent=995"}],"wp:term":[{"taxonomy":"category","embeddable":true,"href":"https:\/\/fotoheraclit.escolamestral.cat\/index.php?rest_route=%2Fwp%2Fv2%2Fcategories&post=995"},{"taxonomy":"post_tag","embeddable":true,"href":"https:\/\/fotoheraclit.escolamestral.cat\/index.php?rest_route=%2Fwp%2Fv2%2Ftags&post=995"}],"curies":[{"name":"wp","href":"https:\/\/api.w.org\/{rel}","templated":true}]}}