{"id":978,"date":"2022-09-13T18:29:13","date_gmt":"2022-09-13T17:29:13","guid":{"rendered":"https:\/\/fotoheraclit.escolamestral.cat\/?p=978"},"modified":"2022-09-13T18:29:13","modified_gmt":"2022-09-13T17:29:13","slug":"perque-no-pensen-aixo-molts-tants-com-hi-topen-ni-aprenent-ho-no-ho-coneixen-pero-ells-mateixos-sho-creuen-6","status":"publish","type":"post","link":"https:\/\/fotoheraclit.escolamestral.cat\/?p=978","title":{"rendered":"Perqu\u00e8 no pensen aix\u00f2 molts, tants com hi topen, ni aprenent-ho no ho coneixen, per\u00f2 ells mateixos s\u2019ho creuen."},"content":{"rendered":"\n<figure class=\"wp-block-image size-large\"><img loading=\"lazy\" decoding=\"async\" width=\"1024\" height=\"652\" src=\"https:\/\/fotoheraclit.escolamestral.cat\/wp-content\/uploads\/2022\/09\/Cruz-Nuria-1024x652.jpg\" alt=\"\" class=\"wp-image-979\" srcset=\"https:\/\/fotoheraclit.escolamestral.cat\/wp-content\/uploads\/2022\/09\/Cruz-Nuria-1024x652.jpg 1024w, https:\/\/fotoheraclit.escolamestral.cat\/wp-content\/uploads\/2022\/09\/Cruz-Nuria-640x408.jpg 640w, https:\/\/fotoheraclit.escolamestral.cat\/wp-content\/uploads\/2022\/09\/Cruz-Nuria-768x489.jpg 768w, https:\/\/fotoheraclit.escolamestral.cat\/wp-content\/uploads\/2022\/09\/Cruz-Nuria-1536x979.jpg 1536w, https:\/\/fotoheraclit.escolamestral.cat\/wp-content\/uploads\/2022\/09\/Cruz-Nuria-2048x1305.jpg 2048w, https:\/\/fotoheraclit.escolamestral.cat\/wp-content\/uploads\/2022\/09\/Cruz-Nuria-471x300.jpg 471w\" sizes=\"auto, (max-width: 1024px) 100vw, 1024px\" \/><\/figure>\n\n\n\n<p>N\u00faria Cruz<\/p>\n","protected":false},"excerpt":{"rendered":"<p>N\u00faria Cruz<\/p>\n","protected":false},"author":1,"featured_media":0,"comment_status":"closed","ping_status":"closed","sticky":false,"template":"","format":"standard","meta":{"footnotes":""},"categories":[1],"tags":[],"class_list":["post-978","post","type-post","status-publish","format-standard","hentry","category-uncategorized"],"_links":{"self":[{"href":"https:\/\/fotoheraclit.escolamestral.cat\/index.php?rest_route=\/wp\/v2\/posts\/978","targetHints":{"allow":["GET"]}}],"collection":[{"href":"https:\/\/fotoheraclit.escolamestral.cat\/index.php?rest_route=\/wp\/v2\/posts"}],"about":[{"href":"https:\/\/fotoheraclit.escolamestral.cat\/index.php?rest_route=\/wp\/v2\/types\/post"}],"author":[{"embeddable":true,"href":"https:\/\/fotoheraclit.escolamestral.cat\/index.php?rest_route=\/wp\/v2\/users\/1"}],"replies":[{"embeddable":true,"href":"https:\/\/fotoheraclit.escolamestral.cat\/index.php?rest_route=%2Fwp%2Fv2%2Fcomments&post=978"}],"version-history":[{"count":1,"href":"https:\/\/fotoheraclit.escolamestral.cat\/index.php?rest_route=\/wp\/v2\/posts\/978\/revisions"}],"predecessor-version":[{"id":980,"href":"https:\/\/fotoheraclit.escolamestral.cat\/index.php?rest_route=\/wp\/v2\/posts\/978\/revisions\/980"}],"wp:attachment":[{"href":"https:\/\/fotoheraclit.escolamestral.cat\/index.php?rest_route=%2Fwp%2Fv2%2Fmedia&parent=978"}],"wp:term":[{"taxonomy":"category","embeddable":true,"href":"https:\/\/fotoheraclit.escolamestral.cat\/index.php?rest_route=%2Fwp%2Fv2%2Fcategories&post=978"},{"taxonomy":"post_tag","embeddable":true,"href":"https:\/\/fotoheraclit.escolamestral.cat\/index.php?rest_route=%2Fwp%2Fv2%2Ftags&post=978"}],"curies":[{"name":"wp","href":"https:\/\/api.w.org\/{rel}","templated":true}]}}