{"id":83,"date":"2010-10-27T12:28:36","date_gmt":"2010-10-27T10:28:36","guid":{"rendered":"http:\/\/blocs.xtec.cat\/fotoheraclit\/?p=83"},"modified":"2010-10-27T12:28:36","modified_gmt":"2010-10-27T10:28:36","slug":"es-necessari-saber-que-la-guerra-es-comu-i-la-justicia-discordia-i-que-tot-esdeve-segons-discordia-i-necessitat","status":"publish","type":"post","link":"https:\/\/fotoheraclit.escolamestral.cat\/?p=83","title":{"rendered":"\u00c9s necessari saber que la Guerra \u00e9s com\u00fa, i la just\u00edcia disc\u00f2rdia, i que tot esdev\u00e9 segons disc\u00f2rdia i necessitat."},"content":{"rendered":"<p><img loading=\"lazy\" decoding=\"async\" class=\"aligncenter size-full wp-image-84\" src=\"http:\/\/blocs.xtec.cat\/fotoheraclit\/files\/2010\/10\/xavier-ubeda-1.jpg\" alt=\"xavier-ubeda-1\" width=\"600\" height=\"400\" \/> Xavier \u00dabeda<\/p>\n","protected":false},"excerpt":{"rendered":"<p>Xavier \u00dabeda<\/p>\n","protected":false},"author":1,"featured_media":0,"comment_status":"open","ping_status":"closed","sticky":false,"template":"","format":"standard","meta":{"footnotes":""},"categories":[3],"tags":[],"class_list":["post-83","post","type-post","status-publish","format-standard","hentry","category-general"],"_links":{"self":[{"href":"https:\/\/fotoheraclit.escolamestral.cat\/index.php?rest_route=\/wp\/v2\/posts\/83","targetHints":{"allow":["GET"]}}],"collection":[{"href":"https:\/\/fotoheraclit.escolamestral.cat\/index.php?rest_route=\/wp\/v2\/posts"}],"about":[{"href":"https:\/\/fotoheraclit.escolamestral.cat\/index.php?rest_route=\/wp\/v2\/types\/post"}],"author":[{"embeddable":true,"href":"https:\/\/fotoheraclit.escolamestral.cat\/index.php?rest_route=\/wp\/v2\/users\/1"}],"replies":[{"embeddable":true,"href":"https:\/\/fotoheraclit.escolamestral.cat\/index.php?rest_route=%2Fwp%2Fv2%2Fcomments&post=83"}],"version-history":[{"count":0,"href":"https:\/\/fotoheraclit.escolamestral.cat\/index.php?rest_route=\/wp\/v2\/posts\/83\/revisions"}],"wp:attachment":[{"href":"https:\/\/fotoheraclit.escolamestral.cat\/index.php?rest_route=%2Fwp%2Fv2%2Fmedia&parent=83"}],"wp:term":[{"taxonomy":"category","embeddable":true,"href":"https:\/\/fotoheraclit.escolamestral.cat\/index.php?rest_route=%2Fwp%2Fv2%2Fcategories&post=83"},{"taxonomy":"post_tag","embeddable":true,"href":"https:\/\/fotoheraclit.escolamestral.cat\/index.php?rest_route=%2Fwp%2Fv2%2Ftags&post=83"}],"curies":[{"name":"wp","href":"https:\/\/api.w.org\/{rel}","templated":true}]}}