{"id":757,"date":"2019-11-25T08:33:38","date_gmt":"2019-11-25T07:33:38","guid":{"rendered":"https:\/\/fotoheraclit.escolamestral.cat\/?p=757"},"modified":"2019-11-25T08:33:38","modified_gmt":"2019-11-25T07:33:38","slug":"per-aixo-cal-regir-se-pel-comu-la-llei-essent-pero-comuna-la-majoria-viu-com-posseint-pensament-propi-5","status":"publish","type":"post","link":"https:\/\/fotoheraclit.escolamestral.cat\/?p=757","title":{"rendered":"Per aix\u00f2 cal regir-se pel com\u00fa. La llei essent, per\u00f2, comuna, la majoria viu com posseint pensament propi."},"content":{"rendered":"\n<figure class=\"wp-block-image size-large\"><img loading=\"lazy\" decoding=\"async\" width=\"1024\" height=\"768\" src=\"https:\/\/fotoheraclit.escolamestral.cat\/wp-content\/uploads\/2019\/11\/Carme-Arasa-1024x768.jpeg\" alt=\"\" class=\"wp-image-758\" srcset=\"https:\/\/fotoheraclit.escolamestral.cat\/wp-content\/uploads\/2019\/11\/Carme-Arasa-1024x768.jpeg 1024w, https:\/\/fotoheraclit.escolamestral.cat\/wp-content\/uploads\/2019\/11\/Carme-Arasa-640x480.jpeg 640w, https:\/\/fotoheraclit.escolamestral.cat\/wp-content\/uploads\/2019\/11\/Carme-Arasa-768x576.jpeg 768w, https:\/\/fotoheraclit.escolamestral.cat\/wp-content\/uploads\/2019\/11\/Carme-Arasa-1536x1152.jpeg 1536w, https:\/\/fotoheraclit.escolamestral.cat\/wp-content\/uploads\/2019\/11\/Carme-Arasa.jpeg 1600w\" sizes=\"auto, (max-width: 1024px) 100vw, 1024px\" \/><figcaption><strong>Carme Arasa<\/strong><\/figcaption><\/figure>\n","protected":false},"excerpt":{"rendered":"","protected":false},"author":1,"featured_media":0,"comment_status":"closed","ping_status":"closed","sticky":false,"template":"","format":"standard","meta":{"footnotes":""},"categories":[1],"tags":[],"class_list":["post-757","post","type-post","status-publish","format-standard","hentry","category-uncategorized"],"_links":{"self":[{"href":"https:\/\/fotoheraclit.escolamestral.cat\/index.php?rest_route=\/wp\/v2\/posts\/757","targetHints":{"allow":["GET"]}}],"collection":[{"href":"https:\/\/fotoheraclit.escolamestral.cat\/index.php?rest_route=\/wp\/v2\/posts"}],"about":[{"href":"https:\/\/fotoheraclit.escolamestral.cat\/index.php?rest_route=\/wp\/v2\/types\/post"}],"author":[{"embeddable":true,"href":"https:\/\/fotoheraclit.escolamestral.cat\/index.php?rest_route=\/wp\/v2\/users\/1"}],"replies":[{"embeddable":true,"href":"https:\/\/fotoheraclit.escolamestral.cat\/index.php?rest_route=%2Fwp%2Fv2%2Fcomments&post=757"}],"version-history":[{"count":1,"href":"https:\/\/fotoheraclit.escolamestral.cat\/index.php?rest_route=\/wp\/v2\/posts\/757\/revisions"}],"predecessor-version":[{"id":759,"href":"https:\/\/fotoheraclit.escolamestral.cat\/index.php?rest_route=\/wp\/v2\/posts\/757\/revisions\/759"}],"wp:attachment":[{"href":"https:\/\/fotoheraclit.escolamestral.cat\/index.php?rest_route=%2Fwp%2Fv2%2Fmedia&parent=757"}],"wp:term":[{"taxonomy":"category","embeddable":true,"href":"https:\/\/fotoheraclit.escolamestral.cat\/index.php?rest_route=%2Fwp%2Fv2%2Fcategories&post=757"},{"taxonomy":"post_tag","embeddable":true,"href":"https:\/\/fotoheraclit.escolamestral.cat\/index.php?rest_route=%2Fwp%2Fv2%2Ftags&post=757"}],"curies":[{"name":"wp","href":"https:\/\/api.w.org\/{rel}","templated":true}]}}