{"id":750,"date":"2018-10-30T13:03:04","date_gmt":"2018-10-30T12:03:04","guid":{"rendered":"http:\/\/escolamestral.cat\/fotoheraclit\/?p=750"},"modified":"2018-10-30T13:03:04","modified_gmt":"2018-10-30T12:03:04","slug":"un-sol-es-el-saber-sofos-coneixer-el-criteri-que-ho-governa-tot-per-tot-3","status":"publish","type":"post","link":"https:\/\/fotoheraclit.escolamestral.cat\/?p=750","title":{"rendered":"Un sol \u00e9s el saber (sof\u00f3s): con\u00e8ixer el criteri que ho governa tot per tot."},"content":{"rendered":"<p><img loading=\"lazy\" decoding=\"async\" class=\"alignnone size-medium wp-image-751\" src=\"http:\/\/escolamestral.cat\/fotoheraclit\/wp-content\/uploads\/2018\/10\/Marta-Daud\u00e9-640x359.jpeg\" alt=\"\" width=\"640\" height=\"359\" srcset=\"https:\/\/fotoheraclit.escolamestral.cat\/wp-content\/uploads\/2018\/10\/Marta-Daud\u00e9-640x359.jpeg 640w, https:\/\/fotoheraclit.escolamestral.cat\/wp-content\/uploads\/2018\/10\/Marta-Daud\u00e9-768x431.jpeg 768w, https:\/\/fotoheraclit.escolamestral.cat\/wp-content\/uploads\/2018\/10\/Marta-Daud\u00e9-1024x575.jpeg 1024w, https:\/\/fotoheraclit.escolamestral.cat\/wp-content\/uploads\/2018\/10\/Marta-Daud\u00e9.jpeg 1600w\" sizes=\"auto, (max-width: 640px) 100vw, 640px\" \/><\/p>\n<p>Marta Daud\u00e9<\/p>\n","protected":false},"excerpt":{"rendered":"<p>Marta Daud\u00e9<\/p>\n","protected":false},"author":1,"featured_media":0,"comment_status":"closed","ping_status":"closed","sticky":false,"template":"","format":"standard","meta":{"footnotes":""},"categories":[1],"tags":[],"class_list":["post-750","post","type-post","status-publish","format-standard","hentry","category-uncategorized"],"_links":{"self":[{"href":"https:\/\/fotoheraclit.escolamestral.cat\/index.php?rest_route=\/wp\/v2\/posts\/750","targetHints":{"allow":["GET"]}}],"collection":[{"href":"https:\/\/fotoheraclit.escolamestral.cat\/index.php?rest_route=\/wp\/v2\/posts"}],"about":[{"href":"https:\/\/fotoheraclit.escolamestral.cat\/index.php?rest_route=\/wp\/v2\/types\/post"}],"author":[{"embeddable":true,"href":"https:\/\/fotoheraclit.escolamestral.cat\/index.php?rest_route=\/wp\/v2\/users\/1"}],"replies":[{"embeddable":true,"href":"https:\/\/fotoheraclit.escolamestral.cat\/index.php?rest_route=%2Fwp%2Fv2%2Fcomments&post=750"}],"version-history":[{"count":1,"href":"https:\/\/fotoheraclit.escolamestral.cat\/index.php?rest_route=\/wp\/v2\/posts\/750\/revisions"}],"predecessor-version":[{"id":752,"href":"https:\/\/fotoheraclit.escolamestral.cat\/index.php?rest_route=\/wp\/v2\/posts\/750\/revisions\/752"}],"wp:attachment":[{"href":"https:\/\/fotoheraclit.escolamestral.cat\/index.php?rest_route=%2Fwp%2Fv2%2Fmedia&parent=750"}],"wp:term":[{"taxonomy":"category","embeddable":true,"href":"https:\/\/fotoheraclit.escolamestral.cat\/index.php?rest_route=%2Fwp%2Fv2%2Fcategories&post=750"},{"taxonomy":"post_tag","embeddable":true,"href":"https:\/\/fotoheraclit.escolamestral.cat\/index.php?rest_route=%2Fwp%2Fv2%2Ftags&post=750"}],"curies":[{"name":"wp","href":"https:\/\/api.w.org\/{rel}","templated":true}]}}