{"id":747,"date":"2018-10-30T13:01:48","date_gmt":"2018-10-30T12:01:48","guid":{"rendered":"http:\/\/escolamestral.cat\/fotoheraclit\/?p=747"},"modified":"2018-10-30T13:01:48","modified_gmt":"2018-10-30T12:01:48","slug":"per-aixo-cal-regir-se-pel-comu-la-llei-essent-pero-comuna-la-majoria-viu-com-posseint-pensament-propi-4","status":"publish","type":"post","link":"https:\/\/fotoheraclit.escolamestral.cat\/?p=747","title":{"rendered":"Per aix\u00f2 cal regir-se pel com\u00fa. La llei essent, per\u00f2, comuna, la majoria viu com posseint pensament propi."},"content":{"rendered":"<p><img loading=\"lazy\" decoding=\"async\" class=\"alignnone size-medium wp-image-748\" src=\"http:\/\/escolamestral.cat\/fotoheraclit\/wp-content\/uploads\/2018\/10\/Nil-Agell-640x480.jpg\" alt=\"\" width=\"640\" height=\"480\" srcset=\"https:\/\/fotoheraclit.escolamestral.cat\/wp-content\/uploads\/2018\/10\/Nil-Agell-640x480.jpg 640w, https:\/\/fotoheraclit.escolamestral.cat\/wp-content\/uploads\/2018\/10\/Nil-Agell-768x576.jpg 768w, https:\/\/fotoheraclit.escolamestral.cat\/wp-content\/uploads\/2018\/10\/Nil-Agell.jpg 1024w\" sizes=\"auto, (max-width: 640px) 100vw, 640px\" \/><\/p>\n<p>Nil Agell<\/p>\n","protected":false},"excerpt":{"rendered":"<p>Nil Agell<\/p>\n","protected":false},"author":1,"featured_media":0,"comment_status":"closed","ping_status":"closed","sticky":false,"template":"","format":"standard","meta":{"footnotes":""},"categories":[1],"tags":[],"class_list":["post-747","post","type-post","status-publish","format-standard","hentry","category-uncategorized"],"_links":{"self":[{"href":"https:\/\/fotoheraclit.escolamestral.cat\/index.php?rest_route=\/wp\/v2\/posts\/747","targetHints":{"allow":["GET"]}}],"collection":[{"href":"https:\/\/fotoheraclit.escolamestral.cat\/index.php?rest_route=\/wp\/v2\/posts"}],"about":[{"href":"https:\/\/fotoheraclit.escolamestral.cat\/index.php?rest_route=\/wp\/v2\/types\/post"}],"author":[{"embeddable":true,"href":"https:\/\/fotoheraclit.escolamestral.cat\/index.php?rest_route=\/wp\/v2\/users\/1"}],"replies":[{"embeddable":true,"href":"https:\/\/fotoheraclit.escolamestral.cat\/index.php?rest_route=%2Fwp%2Fv2%2Fcomments&post=747"}],"version-history":[{"count":1,"href":"https:\/\/fotoheraclit.escolamestral.cat\/index.php?rest_route=\/wp\/v2\/posts\/747\/revisions"}],"predecessor-version":[{"id":749,"href":"https:\/\/fotoheraclit.escolamestral.cat\/index.php?rest_route=\/wp\/v2\/posts\/747\/revisions\/749"}],"wp:attachment":[{"href":"https:\/\/fotoheraclit.escolamestral.cat\/index.php?rest_route=%2Fwp%2Fv2%2Fmedia&parent=747"}],"wp:term":[{"taxonomy":"category","embeddable":true,"href":"https:\/\/fotoheraclit.escolamestral.cat\/index.php?rest_route=%2Fwp%2Fv2%2Fcategories&post=747"},{"taxonomy":"post_tag","embeddable":true,"href":"https:\/\/fotoheraclit.escolamestral.cat\/index.php?rest_route=%2Fwp%2Fv2%2Ftags&post=747"}],"curies":[{"name":"wp","href":"https:\/\/api.w.org\/{rel}","templated":true}]}}