{"id":611,"date":"2017-10-29T17:24:30","date_gmt":"2017-10-29T16:24:30","guid":{"rendered":"http:\/\/www.escolamestral.cat\/fotoheraclit\/?p=611"},"modified":"2017-10-29T17:26:18","modified_gmt":"2017-10-29T16:26:18","slug":"no-a-mi-sino-la-llei-havent-escoltat-savi-es-acordar-hi-que-tot-es-u-2","status":"publish","type":"post","link":"https:\/\/fotoheraclit.escolamestral.cat\/?p=611","title":{"rendered":"No a mi, sin\u00f3 la llei havent escoltat, savi \u00e9s acordar-hi, que tot \u00e9s u."},"content":{"rendered":"<p><img loading=\"lazy\" decoding=\"async\" class=\"size-medium wp-image-612\" src=\"http:\/\/www.escolamestral.cat\/fotoheraclit\/wp-content\/uploads\/2017\/10\/Guillem-Mart\u00ed-480x640.jpg\" alt=\"\" width=\"480\" height=\"640\" srcset=\"https:\/\/fotoheraclit.escolamestral.cat\/wp-content\/uploads\/2017\/10\/Guillem-Mart\u00ed-480x640.jpg 480w, https:\/\/fotoheraclit.escolamestral.cat\/wp-content\/uploads\/2017\/10\/Guillem-Mart\u00ed-768x1024.jpg 768w\" sizes=\"auto, (max-width: 480px) 100vw, 480px\" \/><\/p>\n<p>Guillem Mart\u00ed<\/p>\n","protected":false},"excerpt":{"rendered":"<p>Guillem Mart\u00ed<\/p>\n","protected":false},"author":1,"featured_media":0,"comment_status":"closed","ping_status":"closed","sticky":false,"template":"","format":"standard","meta":{"footnotes":""},"categories":[1],"tags":[],"class_list":["post-611","post","type-post","status-publish","format-standard","hentry","category-uncategorized"],"_links":{"self":[{"href":"https:\/\/fotoheraclit.escolamestral.cat\/index.php?rest_route=\/wp\/v2\/posts\/611","targetHints":{"allow":["GET"]}}],"collection":[{"href":"https:\/\/fotoheraclit.escolamestral.cat\/index.php?rest_route=\/wp\/v2\/posts"}],"about":[{"href":"https:\/\/fotoheraclit.escolamestral.cat\/index.php?rest_route=\/wp\/v2\/types\/post"}],"author":[{"embeddable":true,"href":"https:\/\/fotoheraclit.escolamestral.cat\/index.php?rest_route=\/wp\/v2\/users\/1"}],"replies":[{"embeddable":true,"href":"https:\/\/fotoheraclit.escolamestral.cat\/index.php?rest_route=%2Fwp%2Fv2%2Fcomments&post=611"}],"version-history":[{"count":2,"href":"https:\/\/fotoheraclit.escolamestral.cat\/index.php?rest_route=\/wp\/v2\/posts\/611\/revisions"}],"predecessor-version":[{"id":614,"href":"https:\/\/fotoheraclit.escolamestral.cat\/index.php?rest_route=\/wp\/v2\/posts\/611\/revisions\/614"}],"wp:attachment":[{"href":"https:\/\/fotoheraclit.escolamestral.cat\/index.php?rest_route=%2Fwp%2Fv2%2Fmedia&parent=611"}],"wp:term":[{"taxonomy":"category","embeddable":true,"href":"https:\/\/fotoheraclit.escolamestral.cat\/index.php?rest_route=%2Fwp%2Fv2%2Fcategories&post=611"},{"taxonomy":"post_tag","embeddable":true,"href":"https:\/\/fotoheraclit.escolamestral.cat\/index.php?rest_route=%2Fwp%2Fv2%2Ftags&post=611"}],"curies":[{"name":"wp","href":"https:\/\/api.w.org\/{rel}","templated":true}]}}