{"id":582,"date":"2016-11-29T12:55:24","date_gmt":"2016-11-29T11:55:24","guid":{"rendered":"http:\/\/www.escolamestral.cat\/fotoheraclit\/?p=582"},"modified":"2016-11-29T12:55:24","modified_gmt":"2016-11-29T11:55:24","slug":"un-sol-es-el-saber-sofos-coneixer-el-criteri-que-ho-governa-tot-per-tot-2","status":"publish","type":"post","link":"https:\/\/fotoheraclit.escolamestral.cat\/?p=582","title":{"rendered":"Un sol \u00e9s el saber (sof\u00f3s): con\u00e8ixer el criteri que ho governa tot per tot."},"content":{"rendered":"<p><img loading=\"lazy\" decoding=\"async\" class=\"alignnone size-medium wp-image-583\" src=\"http:\/\/www.escolamestral.cat\/fotoheraclit\/wp-content\/uploads\/2016\/11\/Guillem-Bosch-foto-Her\u00e0clit-640x480.jpg\" alt=\"guillem-bosch-foto-heraclit\" width=\"640\" height=\"480\" srcset=\"https:\/\/fotoheraclit.escolamestral.cat\/wp-content\/uploads\/2016\/11\/Guillem-Bosch-foto-Her\u00e0clit-640x480.jpg 640w, https:\/\/fotoheraclit.escolamestral.cat\/wp-content\/uploads\/2016\/11\/Guillem-Bosch-foto-Her\u00e0clit-768x576.jpg 768w, https:\/\/fotoheraclit.escolamestral.cat\/wp-content\/uploads\/2016\/11\/Guillem-Bosch-foto-Her\u00e0clit-1024x768.jpg 1024w\" sizes=\"auto, (max-width: 640px) 100vw, 640px\" \/><\/p>\n<p>Guillem Bosch<\/p>\n","protected":false},"excerpt":{"rendered":"<p>Guillem Bosch<\/p>\n","protected":false},"author":1,"featured_media":0,"comment_status":"closed","ping_status":"closed","sticky":false,"template":"","format":"standard","meta":{"footnotes":""},"categories":[1],"tags":[],"class_list":["post-582","post","type-post","status-publish","format-standard","hentry","category-uncategorized"],"_links":{"self":[{"href":"https:\/\/fotoheraclit.escolamestral.cat\/index.php?rest_route=\/wp\/v2\/posts\/582","targetHints":{"allow":["GET"]}}],"collection":[{"href":"https:\/\/fotoheraclit.escolamestral.cat\/index.php?rest_route=\/wp\/v2\/posts"}],"about":[{"href":"https:\/\/fotoheraclit.escolamestral.cat\/index.php?rest_route=\/wp\/v2\/types\/post"}],"author":[{"embeddable":true,"href":"https:\/\/fotoheraclit.escolamestral.cat\/index.php?rest_route=\/wp\/v2\/users\/1"}],"replies":[{"embeddable":true,"href":"https:\/\/fotoheraclit.escolamestral.cat\/index.php?rest_route=%2Fwp%2Fv2%2Fcomments&post=582"}],"version-history":[{"count":1,"href":"https:\/\/fotoheraclit.escolamestral.cat\/index.php?rest_route=\/wp\/v2\/posts\/582\/revisions"}],"predecessor-version":[{"id":584,"href":"https:\/\/fotoheraclit.escolamestral.cat\/index.php?rest_route=\/wp\/v2\/posts\/582\/revisions\/584"}],"wp:attachment":[{"href":"https:\/\/fotoheraclit.escolamestral.cat\/index.php?rest_route=%2Fwp%2Fv2%2Fmedia&parent=582"}],"wp:term":[{"taxonomy":"category","embeddable":true,"href":"https:\/\/fotoheraclit.escolamestral.cat\/index.php?rest_route=%2Fwp%2Fv2%2Fcategories&post=582"},{"taxonomy":"post_tag","embeddable":true,"href":"https:\/\/fotoheraclit.escolamestral.cat\/index.php?rest_route=%2Fwp%2Fv2%2Ftags&post=582"}],"curies":[{"name":"wp","href":"https:\/\/api.w.org\/{rel}","templated":true}]}}