{"id":544,"date":"2016-10-26T08:05:54","date_gmt":"2016-10-26T07:05:54","guid":{"rendered":"http:\/\/www.escolamestral.cat\/fotoheraclit\/?p=544"},"modified":"2016-11-20T20:03:25","modified_gmt":"2016-11-20T19:03:25","slug":"perque-els-que-busquen-or-furguen-molta-terra-i-troben-poca-cosa-5","status":"publish","type":"post","link":"https:\/\/fotoheraclit.escolamestral.cat\/?p=544","title":{"rendered":"Aquella que m\u00e9s senten cont\u00ednuament, lli\u00e7\u00f3 que no segueixen, i all\u00f2 que cada dia es troben, aix\u00f2 els fa l\u2019efecte d\u2019estrany."},"content":{"rendered":"<p><img loading=\"lazy\" decoding=\"async\" class=\"alignnone wp-image-545 size-medium\" src=\"http:\/\/www.escolamestral.cat\/fotoheraclit\/wp-content\/uploads\/2016\/10\/Roger-G\u00fcell-e1478160730975-640x360.png\" width=\"640\" height=\"360\" srcset=\"https:\/\/fotoheraclit.escolamestral.cat\/wp-content\/uploads\/2016\/10\/Roger-G\u00fcell-e1478160730975-640x360.png 640w, https:\/\/fotoheraclit.escolamestral.cat\/wp-content\/uploads\/2016\/10\/Roger-G\u00fcell-e1478160730975-1024x576.png 1024w, https:\/\/fotoheraclit.escolamestral.cat\/wp-content\/uploads\/2016\/10\/Roger-G\u00fcell-e1478160730975-768x432.png 768w, https:\/\/fotoheraclit.escolamestral.cat\/wp-content\/uploads\/2016\/10\/Roger-G\u00fcell-e1478160730975.png 1334w\" sizes=\"auto, (max-width: 640px) 100vw, 640px\" \/><\/p>\n<p>Roger G\u00fcell<\/p>\n","protected":false},"excerpt":{"rendered":"<p>Roger G\u00fcell<\/p>\n","protected":false},"author":1,"featured_media":0,"comment_status":"closed","ping_status":"closed","sticky":false,"template":"","format":"standard","meta":{"footnotes":""},"categories":[1],"tags":[],"class_list":["post-544","post","type-post","status-publish","format-standard","hentry","category-uncategorized"],"_links":{"self":[{"href":"https:\/\/fotoheraclit.escolamestral.cat\/index.php?rest_route=\/wp\/v2\/posts\/544","targetHints":{"allow":["GET"]}}],"collection":[{"href":"https:\/\/fotoheraclit.escolamestral.cat\/index.php?rest_route=\/wp\/v2\/posts"}],"about":[{"href":"https:\/\/fotoheraclit.escolamestral.cat\/index.php?rest_route=\/wp\/v2\/types\/post"}],"author":[{"embeddable":true,"href":"https:\/\/fotoheraclit.escolamestral.cat\/index.php?rest_route=\/wp\/v2\/users\/1"}],"replies":[{"embeddable":true,"href":"https:\/\/fotoheraclit.escolamestral.cat\/index.php?rest_route=%2Fwp%2Fv2%2Fcomments&post=544"}],"version-history":[{"count":3,"href":"https:\/\/fotoheraclit.escolamestral.cat\/index.php?rest_route=\/wp\/v2\/posts\/544\/revisions"}],"predecessor-version":[{"id":568,"href":"https:\/\/fotoheraclit.escolamestral.cat\/index.php?rest_route=\/wp\/v2\/posts\/544\/revisions\/568"}],"wp:attachment":[{"href":"https:\/\/fotoheraclit.escolamestral.cat\/index.php?rest_route=%2Fwp%2Fv2%2Fmedia&parent=544"}],"wp:term":[{"taxonomy":"category","embeddable":true,"href":"https:\/\/fotoheraclit.escolamestral.cat\/index.php?rest_route=%2Fwp%2Fv2%2Fcategories&post=544"},{"taxonomy":"post_tag","embeddable":true,"href":"https:\/\/fotoheraclit.escolamestral.cat\/index.php?rest_route=%2Fwp%2Fv2%2Ftags&post=544"}],"curies":[{"name":"wp","href":"https:\/\/api.w.org\/{rel}","templated":true}]}}