{"id":510,"date":"2016-10-26T07:49:55","date_gmt":"2016-10-26T06:49:55","guid":{"rendered":"http:\/\/www.escolamestral.cat\/fotoheraclit\/?p=510"},"modified":"2016-10-26T07:49:55","modified_gmt":"2016-10-26T06:49:55","slug":"per-aixo-cal-regir-se-pel-comu-la-llei-essent-pero-comuna-la-majoria-viu-com-posseint-pensament-propi-2","status":"publish","type":"post","link":"https:\/\/fotoheraclit.escolamestral.cat\/?p=510","title":{"rendered":"Per aix\u00f2 cal regir-se pel com\u00fa. La llei essent, per\u00f2, comuna, la majoria viu com posseint pensament propi."},"content":{"rendered":"<p><img loading=\"lazy\" decoding=\"async\" class=\"alignnone size-medium wp-image-511\" src=\"http:\/\/www.escolamestral.cat\/fotoheraclit\/wp-content\/uploads\/2016\/10\/Manel-Morales-640x637.jpg\" alt=\"manel-morales\" width=\"640\" height=\"637\" srcset=\"https:\/\/fotoheraclit.escolamestral.cat\/wp-content\/uploads\/2016\/10\/Manel-Morales-640x637.jpg 640w, https:\/\/fotoheraclit.escolamestral.cat\/wp-content\/uploads\/2016\/10\/Manel-Morales-768x765.jpg 768w, https:\/\/fotoheraclit.escolamestral.cat\/wp-content\/uploads\/2016\/10\/Manel-Morales-1024x1020.jpg 1024w, https:\/\/fotoheraclit.escolamestral.cat\/wp-content\/uploads\/2016\/10\/Manel-Morales.jpg 1440w\" sizes=\"auto, (max-width: 640px) 100vw, 640px\" \/><\/p>\n<p>Manel Morales<\/p>\n","protected":false},"excerpt":{"rendered":"<p>Manel Morales<\/p>\n","protected":false},"author":1,"featured_media":0,"comment_status":"closed","ping_status":"closed","sticky":false,"template":"","format":"standard","meta":{"footnotes":""},"categories":[1],"tags":[],"class_list":["post-510","post","type-post","status-publish","format-standard","hentry","category-uncategorized"],"_links":{"self":[{"href":"https:\/\/fotoheraclit.escolamestral.cat\/index.php?rest_route=\/wp\/v2\/posts\/510","targetHints":{"allow":["GET"]}}],"collection":[{"href":"https:\/\/fotoheraclit.escolamestral.cat\/index.php?rest_route=\/wp\/v2\/posts"}],"about":[{"href":"https:\/\/fotoheraclit.escolamestral.cat\/index.php?rest_route=\/wp\/v2\/types\/post"}],"author":[{"embeddable":true,"href":"https:\/\/fotoheraclit.escolamestral.cat\/index.php?rest_route=\/wp\/v2\/users\/1"}],"replies":[{"embeddable":true,"href":"https:\/\/fotoheraclit.escolamestral.cat\/index.php?rest_route=%2Fwp%2Fv2%2Fcomments&post=510"}],"version-history":[{"count":1,"href":"https:\/\/fotoheraclit.escolamestral.cat\/index.php?rest_route=\/wp\/v2\/posts\/510\/revisions"}],"predecessor-version":[{"id":512,"href":"https:\/\/fotoheraclit.escolamestral.cat\/index.php?rest_route=\/wp\/v2\/posts\/510\/revisions\/512"}],"wp:attachment":[{"href":"https:\/\/fotoheraclit.escolamestral.cat\/index.php?rest_route=%2Fwp%2Fv2%2Fmedia&parent=510"}],"wp:term":[{"taxonomy":"category","embeddable":true,"href":"https:\/\/fotoheraclit.escolamestral.cat\/index.php?rest_route=%2Fwp%2Fv2%2Fcategories&post=510"},{"taxonomy":"post_tag","embeddable":true,"href":"https:\/\/fotoheraclit.escolamestral.cat\/index.php?rest_route=%2Fwp%2Fv2%2Ftags&post=510"}],"curies":[{"name":"wp","href":"https:\/\/api.w.org\/{rel}","templated":true}]}}