{"id":49,"date":"2010-10-27T10:32:49","date_gmt":"2010-10-27T08:32:49","guid":{"rendered":"http:\/\/blocs.xtec.cat\/fotoheraclit\/?p=49"},"modified":"2010-10-27T10:32:49","modified_gmt":"2010-10-27T08:32:49","slug":"dallo-amb-el-que-mes-continuament-estan-a-la-bora-divergeixen","status":"publish","type":"post","link":"https:\/\/fotoheraclit.escolamestral.cat\/?p=49","title":{"rendered":"D\u2019all\u00f2 amb el que m\u00e9s cont\u00ednuament estan a la vora divergeixen."},"content":{"rendered":"<p><img loading=\"lazy\" decoding=\"async\" class=\"aligncenter size-full wp-image-50\" src=\"http:\/\/blocs.xtec.cat\/fotoheraclit\/files\/2010\/10\/cristina-subirana.jpg\" alt=\"cristina-subirana\" width=\"855\" height=\"325\" srcset=\"https:\/\/fotoheraclit.escolamestral.cat\/wp-content\/uploads\/2010\/10\/cristina-subirana.jpg 855w, https:\/\/fotoheraclit.escolamestral.cat\/wp-content\/uploads\/2010\/10\/cristina-subirana-300x114.jpg 300w\" sizes=\"auto, (max-width: 855px) 100vw, 855px\" \/> Cristina Subirana<\/p>\n","protected":false},"excerpt":{"rendered":"<p>Cristina Subirana<\/p>\n","protected":false},"author":1,"featured_media":0,"comment_status":"open","ping_status":"closed","sticky":false,"template":"","format":"standard","meta":{"footnotes":""},"categories":[3],"tags":[],"class_list":["post-49","post","type-post","status-publish","format-standard","hentry","category-general"],"_links":{"self":[{"href":"https:\/\/fotoheraclit.escolamestral.cat\/index.php?rest_route=\/wp\/v2\/posts\/49","targetHints":{"allow":["GET"]}}],"collection":[{"href":"https:\/\/fotoheraclit.escolamestral.cat\/index.php?rest_route=\/wp\/v2\/posts"}],"about":[{"href":"https:\/\/fotoheraclit.escolamestral.cat\/index.php?rest_route=\/wp\/v2\/types\/post"}],"author":[{"embeddable":true,"href":"https:\/\/fotoheraclit.escolamestral.cat\/index.php?rest_route=\/wp\/v2\/users\/1"}],"replies":[{"embeddable":true,"href":"https:\/\/fotoheraclit.escolamestral.cat\/index.php?rest_route=%2Fwp%2Fv2%2Fcomments&post=49"}],"version-history":[{"count":0,"href":"https:\/\/fotoheraclit.escolamestral.cat\/index.php?rest_route=\/wp\/v2\/posts\/49\/revisions"}],"wp:attachment":[{"href":"https:\/\/fotoheraclit.escolamestral.cat\/index.php?rest_route=%2Fwp%2Fv2%2Fmedia&parent=49"}],"wp:term":[{"taxonomy":"category","embeddable":true,"href":"https:\/\/fotoheraclit.escolamestral.cat\/index.php?rest_route=%2Fwp%2Fv2%2Fcategories&post=49"},{"taxonomy":"post_tag","embeddable":true,"href":"https:\/\/fotoheraclit.escolamestral.cat\/index.php?rest_route=%2Fwp%2Fv2%2Ftags&post=49"}],"curies":[{"name":"wp","href":"https:\/\/api.w.org\/{rel}","templated":true}]}}