{"id":266,"date":"2013-10-08T18:05:55","date_gmt":"2013-10-08T16:05:55","guid":{"rendered":"http:\/\/blocs.xtec.cat\/fotoheraclit\/?p=266"},"modified":"2013-10-08T18:05:55","modified_gmt":"2013-10-08T16:05:55","slug":"mar-ligua-mes-pura-i-mes-impura-per-als-peixos-bevible-i-vivificant-per-als-homes-imbevible-i-mortifera","status":"publish","type":"post","link":"https:\/\/fotoheraclit.escolamestral.cat\/?p=266","title":{"rendered":"Mar: l&#8217;igua m\u00e9s pura i m\u00e9s impura, per als peixos bevible i vivificant, per als homes imbevible i mort\u00edfera."},"content":{"rendered":"<p><a href=\"http:\/\/escolamestral.cat\/fotoheraclit\/wp-content\/uploads\/2012\/12\/D\u00edcac-Gasc\u00f3n.jpeg\"><img loading=\"lazy\" decoding=\"async\" src=\"http:\/\/escolamestral.cat\/fotoheraclit\/wp-content\/uploads\/2012\/12\/D\u00edcac-Gasc\u00f3n.jpeg\" alt=\"D\u00edcac Gasc\u00f3n\" width=\"253\" height=\"207\" class=\"aligncenter size-full wp-image-270\" \/><\/a><br \/>\nD\u00eddac Gasc\u00f3n<\/p>\n","protected":false},"excerpt":{"rendered":"<p>D\u00eddac Gasc\u00f3n<\/p>\n","protected":false},"author":1,"featured_media":0,"comment_status":"open","ping_status":"closed","sticky":false,"template":"","format":"standard","meta":{"footnotes":""},"categories":[3],"tags":[],"class_list":["post-266","post","type-post","status-publish","format-standard","hentry","category-general"],"_links":{"self":[{"href":"https:\/\/fotoheraclit.escolamestral.cat\/index.php?rest_route=\/wp\/v2\/posts\/266","targetHints":{"allow":["GET"]}}],"collection":[{"href":"https:\/\/fotoheraclit.escolamestral.cat\/index.php?rest_route=\/wp\/v2\/posts"}],"about":[{"href":"https:\/\/fotoheraclit.escolamestral.cat\/index.php?rest_route=\/wp\/v2\/types\/post"}],"author":[{"embeddable":true,"href":"https:\/\/fotoheraclit.escolamestral.cat\/index.php?rest_route=\/wp\/v2\/users\/1"}],"replies":[{"embeddable":true,"href":"https:\/\/fotoheraclit.escolamestral.cat\/index.php?rest_route=%2Fwp%2Fv2%2Fcomments&post=266"}],"version-history":[{"count":0,"href":"https:\/\/fotoheraclit.escolamestral.cat\/index.php?rest_route=\/wp\/v2\/posts\/266\/revisions"}],"wp:attachment":[{"href":"https:\/\/fotoheraclit.escolamestral.cat\/index.php?rest_route=%2Fwp%2Fv2%2Fmedia&parent=266"}],"wp:term":[{"taxonomy":"category","embeddable":true,"href":"https:\/\/fotoheraclit.escolamestral.cat\/index.php?rest_route=%2Fwp%2Fv2%2Fcategories&post=266"},{"taxonomy":"post_tag","embeddable":true,"href":"https:\/\/fotoheraclit.escolamestral.cat\/index.php?rest_route=%2Fwp%2Fv2%2Ftags&post=266"}],"curies":[{"name":"wp","href":"https:\/\/api.w.org\/{rel}","templated":true}]}}