{"id":254,"date":"2012-12-02T22:11:33","date_gmt":"2012-12-02T20:11:33","guid":{"rendered":"http:\/\/blocs.xtec.cat\/fotoheraclit\/?p=254"},"modified":"2012-12-02T22:11:33","modified_gmt":"2012-12-02T20:11:33","slug":"perque-no-pensen-aixo-molts-tants-com-hi-topen-ni-aprenent-ho-no-ho-coneixen-pero-ells-mateixos-sho-creuen-3","status":"publish","type":"post","link":"https:\/\/fotoheraclit.escolamestral.cat\/?p=254","title":{"rendered":"Perqu\u00e8 no pensen aix\u00f2 molts, tants com hi topen, ni aprenent-ho no ho coneixen, per\u00f2 ells mateixos s\u2019ho creuen."},"content":{"rendered":"<p><a href=\"http:\/\/blocs.xtec.cat\/fotoheraclit\/files\/2012\/12\/Quim-Serra-3.jpg\"><img loading=\"lazy\" decoding=\"async\" src=\"http:\/\/blocs.xtec.cat\/fotoheraclit\/files\/2012\/12\/Quim-Serra-3-300x225.jpg\" alt=\"\" width=\"300\" height=\"225\" class=\"aligncenter size-medium wp-image-255\" srcset=\"https:\/\/fotoheraclit.escolamestral.cat\/wp-content\/uploads\/2012\/12\/Quim-Serra-3-300x225.jpg 300w, https:\/\/fotoheraclit.escolamestral.cat\/wp-content\/uploads\/2012\/12\/Quim-Serra-3-1024x768.jpg 1024w, https:\/\/fotoheraclit.escolamestral.cat\/wp-content\/uploads\/2012\/12\/Quim-Serra-3.jpg 2048w\" sizes=\"auto, (max-width: 300px) 100vw, 300px\" \/><\/a><br \/>\nQuim Serra<\/p>\n","protected":false},"excerpt":{"rendered":"<p>Quim Serra<\/p>\n","protected":false},"author":1,"featured_media":0,"comment_status":"open","ping_status":"closed","sticky":false,"template":"","format":"standard","meta":{"footnotes":""},"categories":[3],"tags":[],"class_list":["post-254","post","type-post","status-publish","format-standard","hentry","category-general"],"_links":{"self":[{"href":"https:\/\/fotoheraclit.escolamestral.cat\/index.php?rest_route=\/wp\/v2\/posts\/254","targetHints":{"allow":["GET"]}}],"collection":[{"href":"https:\/\/fotoheraclit.escolamestral.cat\/index.php?rest_route=\/wp\/v2\/posts"}],"about":[{"href":"https:\/\/fotoheraclit.escolamestral.cat\/index.php?rest_route=\/wp\/v2\/types\/post"}],"author":[{"embeddable":true,"href":"https:\/\/fotoheraclit.escolamestral.cat\/index.php?rest_route=\/wp\/v2\/users\/1"}],"replies":[{"embeddable":true,"href":"https:\/\/fotoheraclit.escolamestral.cat\/index.php?rest_route=%2Fwp%2Fv2%2Fcomments&post=254"}],"version-history":[{"count":0,"href":"https:\/\/fotoheraclit.escolamestral.cat\/index.php?rest_route=\/wp\/v2\/posts\/254\/revisions"}],"wp:attachment":[{"href":"https:\/\/fotoheraclit.escolamestral.cat\/index.php?rest_route=%2Fwp%2Fv2%2Fmedia&parent=254"}],"wp:term":[{"taxonomy":"category","embeddable":true,"href":"https:\/\/fotoheraclit.escolamestral.cat\/index.php?rest_route=%2Fwp%2Fv2%2Fcategories&post=254"},{"taxonomy":"post_tag","embeddable":true,"href":"https:\/\/fotoheraclit.escolamestral.cat\/index.php?rest_route=%2Fwp%2Fv2%2Ftags&post=254"}],"curies":[{"name":"wp","href":"https:\/\/api.w.org\/{rel}","templated":true}]}}