{"id":226,"date":"2012-11-09T13:42:08","date_gmt":"2012-11-09T11:42:08","guid":{"rendered":"http:\/\/blocs.xtec.cat\/fotoheraclit\/?p=226"},"modified":"2012-11-09T13:42:08","modified_gmt":"2012-11-09T11:42:08","slug":"el-senyor-de-qui-loracle-es-a-delfos-no-diu-ni-amaga-sino-que-dona-pistes","status":"publish","type":"post","link":"https:\/\/fotoheraclit.escolamestral.cat\/?p=226","title":{"rendered":"El  senyor de qui l\u2019oracle \u00e9s a Delfos no diu ni amaga, sin\u00f3 que d\u00f3na pistes."},"content":{"rendered":"<p><a href=\"http:\/\/blocs.xtec.cat\/fotoheraclit\/files\/2012\/11\/Maria-Villa.jpg\"><img loading=\"lazy\" decoding=\"async\" src=\"http:\/\/blocs.xtec.cat\/fotoheraclit\/files\/2012\/11\/Maria-Villa-190x300.jpg\" alt=\"\" width=\"190\" height=\"300\" class=\"aligncenter size-medium wp-image-227\" srcset=\"https:\/\/fotoheraclit.escolamestral.cat\/wp-content\/uploads\/2012\/11\/Maria-Villa-190x300.jpg 190w, https:\/\/fotoheraclit.escolamestral.cat\/wp-content\/uploads\/2012\/11\/Maria-Villa.jpg 529w\" sizes=\"auto, (max-width: 190px) 100vw, 190px\" \/><\/a><br \/>\nMaria Villa<\/p>\n","protected":false},"excerpt":{"rendered":"<p>Maria Villa<\/p>\n","protected":false},"author":1,"featured_media":0,"comment_status":"open","ping_status":"closed","sticky":false,"template":"","format":"standard","meta":{"footnotes":""},"categories":[3],"tags":[],"class_list":["post-226","post","type-post","status-publish","format-standard","hentry","category-general"],"_links":{"self":[{"href":"https:\/\/fotoheraclit.escolamestral.cat\/index.php?rest_route=\/wp\/v2\/posts\/226","targetHints":{"allow":["GET"]}}],"collection":[{"href":"https:\/\/fotoheraclit.escolamestral.cat\/index.php?rest_route=\/wp\/v2\/posts"}],"about":[{"href":"https:\/\/fotoheraclit.escolamestral.cat\/index.php?rest_route=\/wp\/v2\/types\/post"}],"author":[{"embeddable":true,"href":"https:\/\/fotoheraclit.escolamestral.cat\/index.php?rest_route=\/wp\/v2\/users\/1"}],"replies":[{"embeddable":true,"href":"https:\/\/fotoheraclit.escolamestral.cat\/index.php?rest_route=%2Fwp%2Fv2%2Fcomments&post=226"}],"version-history":[{"count":0,"href":"https:\/\/fotoheraclit.escolamestral.cat\/index.php?rest_route=\/wp\/v2\/posts\/226\/revisions"}],"wp:attachment":[{"href":"https:\/\/fotoheraclit.escolamestral.cat\/index.php?rest_route=%2Fwp%2Fv2%2Fmedia&parent=226"}],"wp:term":[{"taxonomy":"category","embeddable":true,"href":"https:\/\/fotoheraclit.escolamestral.cat\/index.php?rest_route=%2Fwp%2Fv2%2Fcategories&post=226"},{"taxonomy":"post_tag","embeddable":true,"href":"https:\/\/fotoheraclit.escolamestral.cat\/index.php?rest_route=%2Fwp%2Fv2%2Ftags&post=226"}],"curies":[{"name":"wp","href":"https:\/\/api.w.org\/{rel}","templated":true}]}}