{"id":1038,"date":"2022-09-13T19:10:58","date_gmt":"2022-09-13T18:10:58","guid":{"rendered":"https:\/\/fotoheraclit.escolamestral.cat\/?p=1038"},"modified":"2022-09-13T19:10:58","modified_gmt":"2022-09-13T18:10:58","slug":"mar-laigua-mes-pura-i-mes-impura-per-als-peixos-bevible-i-vivificant-per-als-homes-imbevible-i-mortifera-7","status":"publish","type":"post","link":"https:\/\/fotoheraclit.escolamestral.cat\/?p=1038","title":{"rendered":"Mar: l\u2019aigua m\u00e9s pura i m\u00e9s impura, per als peixos bevible i vivificant, per als homes imbevible i mort\u00edfera."},"content":{"rendered":"\n<figure class=\"wp-block-image size-large is-resized\"><img loading=\"lazy\" decoding=\"async\" src=\"https:\/\/fotoheraclit.escolamestral.cat\/wp-content\/uploads\/2022\/09\/Trujillo-Eiden-1024x958.jpg\" alt=\"\" class=\"wp-image-1039\" width=\"569\" height=\"532\" srcset=\"https:\/\/fotoheraclit.escolamestral.cat\/wp-content\/uploads\/2022\/09\/Trujillo-Eiden-1024x958.jpg 1024w, https:\/\/fotoheraclit.escolamestral.cat\/wp-content\/uploads\/2022\/09\/Trujillo-Eiden-640x599.jpg 640w, https:\/\/fotoheraclit.escolamestral.cat\/wp-content\/uploads\/2022\/09\/Trujillo-Eiden-768x719.jpg 768w, https:\/\/fotoheraclit.escolamestral.cat\/wp-content\/uploads\/2022\/09\/Trujillo-Eiden-1536x1437.jpg 1536w, https:\/\/fotoheraclit.escolamestral.cat\/wp-content\/uploads\/2022\/09\/Trujillo-Eiden-321x300.jpg 321w, https:\/\/fotoheraclit.escolamestral.cat\/wp-content\/uploads\/2022\/09\/Trujillo-Eiden.jpg 1620w\" sizes=\"auto, (max-width: 569px) 100vw, 569px\" \/><\/figure>\n\n\n\n<p>Eiden Trujillo<\/p>\n","protected":false},"excerpt":{"rendered":"<p>Eiden Trujillo<\/p>\n","protected":false},"author":1,"featured_media":0,"comment_status":"closed","ping_status":"closed","sticky":false,"template":"","format":"standard","meta":{"footnotes":""},"categories":[1],"tags":[],"class_list":["post-1038","post","type-post","status-publish","format-standard","hentry","category-uncategorized"],"_links":{"self":[{"href":"https:\/\/fotoheraclit.escolamestral.cat\/index.php?rest_route=\/wp\/v2\/posts\/1038","targetHints":{"allow":["GET"]}}],"collection":[{"href":"https:\/\/fotoheraclit.escolamestral.cat\/index.php?rest_route=\/wp\/v2\/posts"}],"about":[{"href":"https:\/\/fotoheraclit.escolamestral.cat\/index.php?rest_route=\/wp\/v2\/types\/post"}],"author":[{"embeddable":true,"href":"https:\/\/fotoheraclit.escolamestral.cat\/index.php?rest_route=\/wp\/v2\/users\/1"}],"replies":[{"embeddable":true,"href":"https:\/\/fotoheraclit.escolamestral.cat\/index.php?rest_route=%2Fwp%2Fv2%2Fcomments&post=1038"}],"version-history":[{"count":1,"href":"https:\/\/fotoheraclit.escolamestral.cat\/index.php?rest_route=\/wp\/v2\/posts\/1038\/revisions"}],"predecessor-version":[{"id":1040,"href":"https:\/\/fotoheraclit.escolamestral.cat\/index.php?rest_route=\/wp\/v2\/posts\/1038\/revisions\/1040"}],"wp:attachment":[{"href":"https:\/\/fotoheraclit.escolamestral.cat\/index.php?rest_route=%2Fwp%2Fv2%2Fmedia&parent=1038"}],"wp:term":[{"taxonomy":"category","embeddable":true,"href":"https:\/\/fotoheraclit.escolamestral.cat\/index.php?rest_route=%2Fwp%2Fv2%2Fcategories&post=1038"},{"taxonomy":"post_tag","embeddable":true,"href":"https:\/\/fotoheraclit.escolamestral.cat\/index.php?rest_route=%2Fwp%2Fv2%2Ftags&post=1038"}],"curies":[{"name":"wp","href":"https:\/\/api.w.org\/{rel}","templated":true}]}}