{"id":1011,"date":"2022-09-13T19:00:08","date_gmt":"2022-09-13T18:00:08","guid":{"rendered":"https:\/\/fotoheraclit.escolamestral.cat\/?p=1011"},"modified":"2022-09-13T19:01:55","modified_gmt":"2022-09-13T18:01:55","slug":"un-sol-es-el-saber-sofos-coneixer-el-criteri-que-ho-governa-tot-per-tot-6","status":"publish","type":"post","link":"https:\/\/fotoheraclit.escolamestral.cat\/?p=1011","title":{"rendered":"Un sol \u00e9s el saber (sof\u00f3s): con\u00e8ixer el criteri que ho governa tot per tot."},"content":{"rendered":"\n<figure class=\"wp-block-image size-large is-resized\"><img loading=\"lazy\" decoding=\"async\" src=\"https:\/\/fotoheraclit.escolamestral.cat\/wp-content\/uploads\/2022\/09\/Mora-Gerard-3-768x1024.jpg\" alt=\"\" class=\"wp-image-1024\" width=\"506\" height=\"675\" srcset=\"https:\/\/fotoheraclit.escolamestral.cat\/wp-content\/uploads\/2022\/09\/Mora-Gerard-3-768x1024.jpg 768w, https:\/\/fotoheraclit.escolamestral.cat\/wp-content\/uploads\/2022\/09\/Mora-Gerard-3-480x640.jpg 480w, https:\/\/fotoheraclit.escolamestral.cat\/wp-content\/uploads\/2022\/09\/Mora-Gerard-3-1152x1536.jpg 1152w, https:\/\/fotoheraclit.escolamestral.cat\/wp-content\/uploads\/2022\/09\/Mora-Gerard-3-1536x2048.jpg 1536w, https:\/\/fotoheraclit.escolamestral.cat\/wp-content\/uploads\/2022\/09\/Mora-Gerard-3-225x300.jpg 225w, https:\/\/fotoheraclit.escolamestral.cat\/wp-content\/uploads\/2022\/09\/Mora-Gerard-3-scaled.jpg 1920w\" sizes=\"auto, (max-width: 506px) 100vw, 506px\" \/><\/figure>\n\n\n\n<p>Gerard Mora<\/p>\n","protected":false},"excerpt":{"rendered":"<p>Gerard Mora<\/p>\n","protected":false},"author":1,"featured_media":0,"comment_status":"closed","ping_status":"closed","sticky":false,"template":"","format":"standard","meta":{"footnotes":""},"categories":[1],"tags":[],"class_list":["post-1011","post","type-post","status-publish","format-standard","hentry","category-uncategorized"],"_links":{"self":[{"href":"https:\/\/fotoheraclit.escolamestral.cat\/index.php?rest_route=\/wp\/v2\/posts\/1011","targetHints":{"allow":["GET"]}}],"collection":[{"href":"https:\/\/fotoheraclit.escolamestral.cat\/index.php?rest_route=\/wp\/v2\/posts"}],"about":[{"href":"https:\/\/fotoheraclit.escolamestral.cat\/index.php?rest_route=\/wp\/v2\/types\/post"}],"author":[{"embeddable":true,"href":"https:\/\/fotoheraclit.escolamestral.cat\/index.php?rest_route=\/wp\/v2\/users\/1"}],"replies":[{"embeddable":true,"href":"https:\/\/fotoheraclit.escolamestral.cat\/index.php?rest_route=%2Fwp%2Fv2%2Fcomments&post=1011"}],"version-history":[{"count":3,"href":"https:\/\/fotoheraclit.escolamestral.cat\/index.php?rest_route=\/wp\/v2\/posts\/1011\/revisions"}],"predecessor-version":[{"id":1025,"href":"https:\/\/fotoheraclit.escolamestral.cat\/index.php?rest_route=\/wp\/v2\/posts\/1011\/revisions\/1025"}],"wp:attachment":[{"href":"https:\/\/fotoheraclit.escolamestral.cat\/index.php?rest_route=%2Fwp%2Fv2%2Fmedia&parent=1011"}],"wp:term":[{"taxonomy":"category","embeddable":true,"href":"https:\/\/fotoheraclit.escolamestral.cat\/index.php?rest_route=%2Fwp%2Fv2%2Fcategories&post=1011"},{"taxonomy":"post_tag","embeddable":true,"href":"https:\/\/fotoheraclit.escolamestral.cat\/index.php?rest_route=%2Fwp%2Fv2%2Ftags&post=1011"}],"curies":[{"name":"wp","href":"https:\/\/api.w.org\/{rel}","templated":true}]}}